{"id":2744,"count":1,"description":"","link":"https:\/\/staging.nenasilje.org\/en\/tag\/aida-secic-nezirevic\/","name":"Aida \u0160e\u010di\u0107 Nezirevi\u0107","slug":"aida-secic-nezirevic","taxonomy":"post_tag","meta":[],"_links":{"self":[{"href":"https:\/\/staging.nenasilje.org\/en\/wp-json\/wp\/v2\/tags\/2744","targetHints":{"allow":["GET"]}}],"collection":[{"href":"https:\/\/staging.nenasilje.org\/en\/wp-json\/wp\/v2\/tags"}],"about":[{"href":"https:\/\/staging.nenasilje.org\/en\/wp-json\/wp\/v2\/taxonomies\/post_tag"}],"wp:post_type":[{"href":"https:\/\/staging.nenasilje.org\/en\/wp-json\/wp\/v2\/posts?tags=2744"}],"curies":[{"name":"wp","href":"https:\/\/api.w.org\/{rel}","templated":true}]}}